{"id":1165,"date":"2022-12-21T07:54:15","date_gmt":"2022-12-21T07:54:15","guid":{"rendered":"https:\/\/jgv-kripp.de\/?p=1165"},"modified":"2023-03-27T08:29:58","modified_gmt":"2023-03-27T08:29:58","slug":"kartenvorverkauf-fuer-die-kripper-mai-wiesn","status":"publish","type":"post","link":"https:\/\/jgv-kripp.de\/?p=1165","title":{"rendered":"Kartenvorverkauf f\u00fcr die Kripper Mai Wiesn"},"content":{"rendered":"\n<p>Gro\u00dfe Ereignisse werfen Ihre Schatten voraus. In einer Zeit, in der \u00fcberall die vorweihnachtliche<br>Stimmung beginnt und sich jeder individuell auf den Jahreswechsel vorbereitet, sind Timo Schmitt \u2013<br>1. Vorsitzender des Junggesellenvereins Freundschaftsbund Kripp e.V. \u2013 und Lukas Boes \u2013 Leiter<br>des Festausschusses \u2013 ihrer Zeit schon weit voraus. Sie sind gedanklich schon Mitte Mai und bei<br>dem kommenden Highlight des Jahres 2023, der Kripper Maikirmes, die vom 12. bis 15. Mai 2023<br>gefeiert werden wird.<br>Gemeinsam mit dem Vorstand und Festausschuss haben die beiden das Programm f\u00fcr die Kirmes<br>abgesteckt und die notwendigen Vertr\u00e4ge unterschrieben. Ab Anfang 2023 wird es im Festaus-<br>schuss dann an den Feinschliff gehen und viele kleine Details besprochen werden.<br>Bevor die Arbeit in 2023 jedoch so richtig startet, soll in 2022 noch ein wichtiger Schritt erfolgen.<br>Damit das Kirmeszelt am Kirmessamstag richtig gef\u00fcllt wird, wird noch vor Weihnachten der Karten-<br>vorverkauf starten. Die ersten Karten wird es auf dem Kripper Weihnachtsmarkt geben oder online<br>\u00fcber die Homepage des Vereins (www.jgv-kripp.de) bzw. pers\u00f6nlich nach dem Weihnachtsmarkt bei<br>Wilfried Br\u00fcssel. Timo und Lukas sind sich sicher, dass die geplante Kripper Mai Wiesn am 13. Mai<br>2023 mit den Partyr\u00e4uber in einem festlich geschm\u00fcckten bayrischen Zelt ein Abend f\u00fcr Jung und<br>Alt sein wird. In der \u201eNacht der Tracht\u201c darf z\u00fcnftig in Lederhose und Dirndl gefeiert und bei so<br>manchem Wiesenhit lautstark mitgesunden werden. Die Partyr\u00e4uber als erfahrende Gruppe vom<br>Oktoberfest und den Canstatter Wasen wird hierbei f\u00fcr die notwendige Stimmung sorgen und das<br>Publikum bestens unterhalten.<\/p>\n\n\n\n<div class=\"wp-block-image\"><figure class=\"aligncenter size-large\"><img decoding=\"async\" src=\"https:\/\/jgv-kripp.de\/wp-content\/uploads\/2022\/12\/Kripper-Mai-Wiesn23-1-724x1024.jpg\" alt=\"\" class=\"wp-image-1159\"\/><\/figure><\/div>\n","protected":false},"excerpt":{"rendered":"<p>Gro\u00dfe Ereignisse werfen Ihre Schatten voraus. In einer Zeit, in der \u00fcberall die vorweihnachtlicheStimmung beginnt und sich jeder individuell auf den Jahreswechsel vorbereitet, sind Timo Schmitt \u20131. Vorsitzender des Junggesellenvereins Freundschaftsbund Kripp e.V. \u2013 und Lukas Boes \u2013 Leiterdes Festausschusses \u2013 ihrer Zeit schon weit voraus. Sie sind gedanklich schon Mitte Mai und beidem kommenden Highlight des Jahres 2023, der Kripper Maikirmes, die vom 12. bis 15. Mai 2023gefeiert werden wird.Gemeinsam mit dem Vorstand und&hellip; <\/p>\n","protected":false},"author":1,"featured_media":1159,"comment_status":"closed","ping_status":"closed","sticky":false,"template":"","format":"standard","meta":{"footnotes":""},"categories":[4],"tags":[],"class_list":["post-1165","post","type-post","status-publish","format-standard","has-post-thumbnail","hentry","category-aktuelle-nachrichten"],"_links":{"self":[{"href":"https:\/\/jgv-kripp.de\/index.php?rest_route=\/wp\/v2\/posts\/1165","targetHints":{"allow":["GET"]}}],"collection":[{"href":"https:\/\/jgv-kripp.de\/index.php?rest_route=\/wp\/v2\/posts"}],"about":[{"href":"https:\/\/jgv-kripp.de\/index.php?rest_route=\/wp\/v2\/types\/post"}],"author":[{"embeddable":true,"href":"https:\/\/jgv-kripp.de\/index.php?rest_route=\/wp\/v2\/users\/1"}],"replies":[{"embeddable":true,"href":"https:\/\/jgv-kripp.de\/index.php?rest_route=%2Fwp%2Fv2%2Fcomments&post=1165"}],"version-history":[{"count":1,"href":"https:\/\/jgv-kripp.de\/index.php?rest_route=\/wp\/v2\/posts\/1165\/revisions"}],"predecessor-version":[{"id":1166,"href":"https:\/\/jgv-kripp.de\/index.php?rest_route=\/wp\/v2\/posts\/1165\/revisions\/1166"}],"wp:featuredmedia":[{"embeddable":true,"href":"https:\/\/jgv-kripp.de\/index.php?rest_route=\/wp\/v2\/media\/1159"}],"wp:attachment":[{"href":"https:\/\/jgv-kripp.de\/index.php?rest_route=%2Fwp%2Fv2%2Fmedia&parent=1165"}],"wp:term":[{"taxonomy":"category","embeddable":true,"href":"https:\/\/jgv-kripp.de\/index.php?rest_route=%2Fwp%2Fv2%2Fcategories&post=1165"},{"taxonomy":"post_tag","embeddable":true,"href":"https:\/\/jgv-kripp.de\/index.php?rest_route=%2Fwp%2Fv2%2Ftags&post=1165"}],"curies":[{"name":"wp","href":"https:\/\/api.w.org\/{rel}","templated":true}]}}