{"id":1347,"date":"2024-02-06T07:29:13","date_gmt":"2024-02-06T07:29:13","guid":{"rendered":"https:\/\/jgv-kripp.de\/?p=1347"},"modified":"2024-02-06T07:31:30","modified_gmt":"2024-02-06T07:31:30","slug":"koelsche-toen-meets-mallorca","status":"publish","type":"post","link":"https:\/\/jgv-kripp.de\/?p=1347","title":{"rendered":"K\u00f6lsche T\u00f6n meets Mallorca"},"content":{"rendered":"\n<p class=\"has-medium-font-size\">Kartenvorverkauf startet nach Karneval<\/p>\n\n\n\n<p>Der neu gew\u00e4hlte Festausschuss der Kripper Junggesellen nahm nach der Wahl Mitte Januar auf der Jahreshauptversammlung direkt seine Arbeit auf und stellte entscheidende Weichen f\u00fcr die Kirmes vom 24.- 27. Mai 2024. In gem\u00fctlicher Atmosph\u00e4re traf man sich im Gasthaus Rhein-Ahr, um einerseits DANKE f\u00fcr die Arbeit der letzten 2 Jahre zu sagen, gleichzeitig aber auch um Fahrt aufzunehmen, f\u00fcr die Planungen der Kirmes <a><\/a>2024. Beim Blick nach vorne waren die zentralen Themen die Gestaltung des Freitag- und Samstagabends auf der diesj\u00e4hrigen Kirmes gewesen. Im Vorfeld der Sitzung wurden verschiedene Plakatvorschl\u00e4ge entwickelt. Fast schon traditionell sprach sich der Ausschuss f\u00fcr den Freitagabend f\u00fcr das Motto \u201eThe 90s, 2000er Party Night\u201c aus. Musikalisch gestaltet wird der Abend vom bekannten DJ Fosco, der sicherlich auch in 2024 auf das Publikum eingehen wird und f\u00fcr einen gelungenen Start in das Kirmeswochenende sorgen wird. Am Samstagabend hei\u00dft es dann \u201eK\u00f6lsche T\u00f6n meets Mallorca\u201c. Die Dompiraten werden mit Livemusik und bekannten Liedern aus der sch\u00f6nen Domstadt K\u00f6ln f\u00fcr entsprechende Stimmung im Festzelt sorgen. Zus\u00e4tzlich wird dem Publikum in diesem Jahr auch noch Mallorca-S\u00e4nger \u201eDie Gr\u00e4te\u201c geboten. Der Newcomer aus Mallorca wird mit seinem Auftritt zus\u00e4tzlich das Publikum von den B\u00e4nken rei\u00dfen und f\u00fcr entsprechende Unterhaltung sorgen. Karten f\u00fcr den Samstagabend k\u00f6nnen beim Junggesellenverein (<a href=\"http:\/\/www.jgv-kripp.de\/?fbclid=IwAR0eTQ8mAqajRu4gymImlpz_z3MT-KZ4di0obwGFGXRUtnUUNiLjKFtzjjs\" rel=\"noreferrer noopener\" target=\"_blank\">www.jgv-kripp.de<\/a>) und den Filialen der KSK Kripp und Remagen erworben werden.<\/p>\n\n\n\n<p><\/p>\n\n\n<div class=\"wp-block-image\">\n<figure class=\"aligncenter size-large\"><img loading=\"lazy\" decoding=\"async\" width=\"724\" height=\"1024\" src=\"https:\/\/jgv-kripp.de\/wp-content\/uploads\/2024\/02\/Plakat-Freitag-2024-1-724x1024.jpg\" alt=\"\" class=\"wp-image-1341\" srcset=\"https:\/\/jgv-kripp.de\/wp-content\/uploads\/2024\/02\/Plakat-Freitag-2024-1-724x1024.jpg 724w, https:\/\/jgv-kripp.de\/wp-content\/uploads\/2024\/02\/Plakat-Freitag-2024-1-212x300.jpg 212w, https:\/\/jgv-kripp.de\/wp-content\/uploads\/2024\/02\/Plakat-Freitag-2024-1-768x1086.jpg 768w, https:\/\/jgv-kripp.de\/wp-content\/uploads\/2024\/02\/Plakat-Freitag-2024-1-1086x1536.jpg 1086w, https:\/\/jgv-kripp.de\/wp-content\/uploads\/2024\/02\/Plakat-Freitag-2024-1-1448x2048.jpg 1448w, https:\/\/jgv-kripp.de\/wp-content\/uploads\/2024\/02\/Plakat-Freitag-2024-1-scaled.jpg 1810w\" sizes=\"auto, (max-width: 724px) 100vw, 724px\" \/><\/figure>\n<\/div>","protected":false},"excerpt":{"rendered":"<p>Kartenvorverkauf startet nach Karneval Der neu gew\u00e4hlte Festausschuss der Kripper Junggesellen nahm nach der Wahl Mitte Januar auf der Jahreshauptversammlung direkt seine Arbeit auf und stellte entscheidende Weichen f\u00fcr die Kirmes vom 24.- 27. Mai 2024. In gem\u00fctlicher Atmosph\u00e4re traf man sich im Gasthaus Rhein-Ahr, um einerseits DANKE f\u00fcr die Arbeit der letzten 2 Jahre zu sagen, gleichzeitig aber auch um Fahrt aufzunehmen, f\u00fcr die Planungen der Kirmes 2024. Beim Blick nach vorne waren die&hellip; <\/p>\n","protected":false},"author":1,"featured_media":1342,"comment_status":"open","ping_status":"open","sticky":false,"template":"","format":"standard","meta":{"footnotes":""},"categories":[4],"tags":[],"class_list":["post-1347","post","type-post","status-publish","format-standard","has-post-thumbnail","hentry","category-aktuelle-nachrichten"],"_links":{"self":[{"href":"https:\/\/jgv-kripp.de\/index.php?rest_route=\/wp\/v2\/posts\/1347","targetHints":{"allow":["GET"]}}],"collection":[{"href":"https:\/\/jgv-kripp.de\/index.php?rest_route=\/wp\/v2\/posts"}],"about":[{"href":"https:\/\/jgv-kripp.de\/index.php?rest_route=\/wp\/v2\/types\/post"}],"author":[{"embeddable":true,"href":"https:\/\/jgv-kripp.de\/index.php?rest_route=\/wp\/v2\/users\/1"}],"replies":[{"embeddable":true,"href":"https:\/\/jgv-kripp.de\/index.php?rest_route=%2Fwp%2Fv2%2Fcomments&post=1347"}],"version-history":[{"count":4,"href":"https:\/\/jgv-kripp.de\/index.php?rest_route=\/wp\/v2\/posts\/1347\/revisions"}],"predecessor-version":[{"id":1351,"href":"https:\/\/jgv-kripp.de\/index.php?rest_route=\/wp\/v2\/posts\/1347\/revisions\/1351"}],"wp:featuredmedia":[{"embeddable":true,"href":"https:\/\/jgv-kripp.de\/index.php?rest_route=\/wp\/v2\/media\/1342"}],"wp:attachment":[{"href":"https:\/\/jgv-kripp.de\/index.php?rest_route=%2Fwp%2Fv2%2Fmedia&parent=1347"}],"wp:term":[{"taxonomy":"category","embeddable":true,"href":"https:\/\/jgv-kripp.de\/index.php?rest_route=%2Fwp%2Fv2%2Fcategories&post=1347"},{"taxonomy":"post_tag","embeddable":true,"href":"https:\/\/jgv-kripp.de\/index.php?rest_route=%2Fwp%2Fv2%2Ftags&post=1347"}],"curies":[{"name":"wp","href":"https:\/\/api.w.org\/{rel}","templated":true}]}}